{"id":1016,"date":"2016-11-01T19:46:11","date_gmt":"2016-11-01T18:46:11","guid":{"rendered":"http:\/\/soledadydesamparo.com\/?p=1016"},"modified":"2026-07-27T14:47:13","modified_gmt":"2026-07-27T14:47:13","slug":"junta-damas-la-soledad","status":"publish","type":"post","link":"https:\/\/soledadydesamparo.es\/index.php\/2016\/11\/01\/junta-damas-la-soledad\/","title":{"rendered":"Junta de Damas de la Soledad"},"content":{"rendered":"<p style=\"text-align: center;\"><strong>\u00a0<\/strong><span style=\"color: #800000; font-family: 'arial black', sans-serif; font-size: 18pt;\"><strong>JUNTA DE DAMAS\u00a0<\/strong><\/span><\/p>\n<p style=\"text-align: center;\"><em>Presidenta de la Junta de Damas<\/em><\/p>\n<p><img loading=\"lazy\" decoding=\"async\" class=\"size-medium wp-image-340 aligncenter\" src=\"http:\/\/soledadydesamparo.es\/wp-content\/uploads\/2015\/03\/MG_9016-scaled-e1769362215211-287x300.jpg\" alt=\"\" width=\"287\" height=\"300\" srcset=\"https:\/\/soledadydesamparo.es\/wp-content\/uploads\/2015\/03\/MG_9016-scaled-e1769362215211-287x300.jpg 287w, https:\/\/soledadydesamparo.es\/wp-content\/uploads\/2015\/03\/MG_9016-scaled-e1769362215211-768x803.jpg 768w, https:\/\/soledadydesamparo.es\/wp-content\/uploads\/2015\/03\/MG_9016-scaled-e1769362215211.jpg 934w\" sizes=\"auto, (max-width: 287px) 100vw, 287px\" \/><\/p>\n<p style=\"text-align: center;\"><em><strong><span style=\"font-size: 12pt;\">D\u00f1a. Pilar Gim\u00e9nez (Honor\u00edfica)<\/span><\/strong><\/em><\/p>\n<p><img loading=\"lazy\" decoding=\"async\" class=\"size-medium wp-image-3058 aligncenter\" src=\"http:\/\/soledadydesamparo.es\/wp-content\/uploads\/2019\/06\/WhatsApp-Image-2025-12-15-at-22.19.41-e1769362786237-172x300.jpeg\" alt=\"\" width=\"172\" height=\"300\" srcset=\"https:\/\/soledadydesamparo.es\/wp-content\/uploads\/2019\/06\/WhatsApp-Image-2025-12-15-at-22.19.41-e1769362786237-172x300.jpeg 172w, https:\/\/soledadydesamparo.es\/wp-content\/uploads\/2019\/06\/WhatsApp-Image-2025-12-15-at-22.19.41-e1769362786237.jpeg 264w\" sizes=\"auto, (max-width: 172px) 100vw, 172px\" \/><\/p>\n<p style=\"text-align: center;\"><em><strong><span style=\"font-size: 12pt;\">D\u00f1a. Olga Mart\u00edn Alonso<\/span><\/strong><\/em><\/p>\n<p style=\"text-align: center;\"><em><strong><span style=\"font-size: 12pt;\">\u00a0<\/span><\/strong><\/em><\/p>\n<p><img loading=\"lazy\" decoding=\"async\" class=\"size-medium wp-image-3062 aligncenter\" src=\"http:\/\/soledadydesamparo.es\/wp-content\/uploads\/2019\/06\/MVIMG_20190420_164732-scaled-e1769363318968-263x300.jpg\" alt=\"\" width=\"263\" height=\"300\" srcset=\"https:\/\/soledadydesamparo.es\/wp-content\/uploads\/2019\/06\/MVIMG_20190420_164732-scaled-e1769363318968-263x300.jpg 263w, https:\/\/soledadydesamparo.es\/wp-content\/uploads\/2019\/06\/MVIMG_20190420_164732-scaled-e1769363318968.jpg 482w\" sizes=\"auto, (max-width: 263px) 100vw, 263px\" \/><\/p>\n<p style=\"text-align: center;\"><em><strong><span style=\"font-size: 12pt;\">\u00a0 \u00a0 \u00a0<\/span><\/strong><\/em><em><strong><span style=\"font-size: 12pt;\">D\u00f1a. Josefa Gordillo Garc\u00eda<br \/>\n<\/span><\/strong><\/em><\/p>\n<p style=\"text-align: center;\"><img loading=\"lazy\" decoding=\"async\" class=\"size-medium wp-image-3057 aligncenter\" src=\"http:\/\/soledadydesamparo.es\/wp-content\/uploads\/2019\/06\/WhatsApp-Image-2025-12-21-at-19.37.42-e1769362640280-186x300.jpeg\" alt=\"\" width=\"186\" height=\"300\" srcset=\"https:\/\/soledadydesamparo.es\/wp-content\/uploads\/2019\/06\/WhatsApp-Image-2025-12-21-at-19.37.42-e1769362640280-186x300.jpeg 186w, https:\/\/soledadydesamparo.es\/wp-content\/uploads\/2019\/06\/WhatsApp-Image-2025-12-21-at-19.37.42-e1769362640280.jpeg 310w\" sizes=\"auto, (max-width: 186px) 100vw, 186px\" \/><\/p>\n<p style=\"text-align: center;\"><strong> D\u00f1a. Elena Mora L\u00f3pez<\/strong><\/p>\n<p><img loading=\"lazy\" decoding=\"async\" class=\"size-medium wp-image-3139 aligncenter\" src=\"http:\/\/soledadydesamparo.es\/wp-content\/uploads\/2026\/03\/presentacion-revista-Semana-Santa-15-03-26-225x300.jpeg\" alt=\"\" width=\"225\" height=\"300\" srcset=\"https:\/\/soledadydesamparo.es\/wp-content\/uploads\/2026\/03\/presentacion-revista-Semana-Santa-15-03-26-225x300.jpeg 225w, https:\/\/soledadydesamparo.es\/wp-content\/uploads\/2026\/03\/presentacion-revista-Semana-Santa-15-03-26-768x1024.jpeg 768w, https:\/\/soledadydesamparo.es\/wp-content\/uploads\/2026\/03\/presentacion-revista-Semana-Santa-15-03-26-1152x1536.jpeg 1152w, https:\/\/soledadydesamparo.es\/wp-content\/uploads\/2026\/03\/presentacion-revista-Semana-Santa-15-03-26-1024x1365.jpeg 1024w, https:\/\/soledadydesamparo.es\/wp-content\/uploads\/2026\/03\/presentacion-revista-Semana-Santa-15-03-26.jpeg 1536w\" sizes=\"auto, (max-width: 225px) 100vw, 225px\" \/><\/p>\n<p style=\"text-align: center;\"><strong>D\u00f1a. Desir\u00e9 Cucal\u00f3n Mart\u00edn<\/strong><\/p>\n<p><img loading=\"lazy\" decoding=\"async\" class=\"size-full wp-image-3223 aligncenter\" src=\"http:\/\/soledadydesamparo.es\/wp-content\/uploads\/2016\/11\/414895721_10232456139925051_377130240224772995_n.jpg\" alt=\"\" width=\"199\" height=\"200\" srcset=\"https:\/\/soledadydesamparo.es\/wp-content\/uploads\/2016\/11\/414895721_10232456139925051_377130240224772995_n.jpg 199w, https:\/\/soledadydesamparo.es\/wp-content\/uploads\/2016\/11\/414895721_10232456139925051_377130240224772995_n-150x150.jpg 150w\" sizes=\"auto, (max-width: 199px) 100vw, 199px\" \/><\/p>\n<p style=\"text-align: center;\">.<em><strong><span style=\"font-size: 12pt;\">Ilma. D\u00f1a. Mar\u00eda Jose Fern\u00e1ndez Mart\u00edn<\/span><\/strong><\/em><\/p>\n<p style=\"text-align: center;\"><em><span style=\"font-size: 12pt;\">Dama de Encomienda con placa de la Orden de la Caballer\u00eda del Santo Sepulcro de Jerusal\u00e9n (2016)<\/span><\/em><\/p>\n<p style=\"text-align: center;\"><em><strong><span style=\"font-size: 12pt;\">D\u00f1a. Mar\u00eda del Carmen Juarez<\/span><\/strong><\/em><\/p>\n<p style=\"text-align: center;\"><em><strong><span style=\"font-size: 12pt;\">D\u00f1a. Mar\u00eda Teresa Moreno Rodriguez<\/span><\/strong><\/em><\/p>\n<p style=\"text-align: center;\"><em><strong>D\u00f1a. Inmaculada Rodr\u00edguez Jim\u00e9nez<\/strong><\/em><\/p>\n<p style=\"text-align: center;\"><b>\u00a0 \u00a0 \u00a0D\u00f1a. Christianne Mar\u00eda de Athayde y Lara<\/b><\/p>\n<p><strong>\u00a0 \u00a0 \u00a0 \u00a0 \u00a0 \u00a0 \u00a0 \u00a0 \u00a0 \u00a0 \u00a0 \u00a0 \u00a0 \u00a0 \u00a0 \u00a0 \u00a0 \u00a0 \u00a0 \u00a0 \u00a0 \u00a0 \u00a0 \u00a0 \u00a0 \u00a0 D\u00f1a. Rosario Dolores Miro Homs<\/strong><\/p>\n<p><strong>\u00a0 \u00a0 \u00a0 \u00a0 \u00a0 \u00a0 \u00a0 \u00a0 \u00a0 \u00a0 \u00a0 \u00a0 \u00a0 \u00a0 \u00a0 \u00a0 \u00a0 \u00a0 \u00a0 \u00a0 \u00a0 \u00a0 \u00a0 \u00a0 \u00a0 \u00a0 \u00a0 D\u00f1a. Pilar Leticia Soriano Sanz<\/strong><\/p>\n<p style=\"text-align: left;\">\u00a0 \u00a0 \u00a0 \u00a0 \u00a0 \u00a0 \u00a0 \u00a0 \u00a0 \u00a0 \u00a0 \u00a0 \u00a0 \u00a0 \u00a0 \u00a0 \u00a0 \u00a0 \u00a0 \u00a0 \u00a0 \u00a0 \u00a0 \u00a0 \u00a0 <strong>D\u00f1a.<em><strong>\u00a0<\/strong>Jeanneth Liliana Simba\u00f1a Pillajo<\/em><\/strong><\/p>\n<p><strong>\u00a0 \u00a0 \u00a0 \u00a0 \u00a0 \u00a0 \u00a0 \u00a0 \u00a0 \u00a0 \u00a0 \u00a0 \u00a0 \u00a0 \u00a0 \u00a0 \u00a0 \u00a0 \u00a0 \u00a0 \u00a0 \u00a0 \u00a0 \u00a0 \u00a0 \u00a0 \u00a0 \u00a0 \u00a0 D\u00f1a. Maril\u00f3 Valle Carrero<\/strong><\/p>\n<p style=\"text-align: center;\"><span style=\"font-family: 'book antiqua', palatino, serif; font-size: 18pt; color: #800000;\"><strong>DAMAS HONOR\u00cdFICAS<\/strong><\/span><\/p>\n<p style=\"text-align: center;\"><em><strong>\u00a0 \u00a0 \u00a0 Excma. Sra. D\u00f1a. Anabella Machuca Machuca <\/strong>(2018)<\/em><\/p>\n<p style=\"text-align: center;\"><em><strong>\u00a0 \u00a0 \u00a0 \u00a0 Ilma. Sra. Do\u00f1a Jenny Machuca Viau <\/strong>(2018)<\/em><strong>\u00a0 \u00a0\u00a0<\/strong><\/p>\n<p style=\"text-align: center;\"><em><strong>Excma. Sra. Do\u00f1a Teresa Medinilla Bernale<\/strong><\/em><\/p>\n<p>\u00a0 \u00a0 \u00a0 \u00a0 \u00a0 \u00a0 \u00a0 \u00a0 \u00a0 \u00a0 \u00a0 \u00a0 \u00a0 \u00a0 \u00a0 \u00a0 \u00a0 \u00a0 \u00a0 \u00a0 \u00a0 \u00a0 \u00a0 \u00a0 \u00a0 <em><strong><span style=\"font-size: 12pt;\">D\u00f1a. Mar\u00eda \u00a0Pilar\u00a0Gim\u00e9nez\u00a0Moreno\u00a0<\/span><\/strong><\/em><\/p>\n<p style=\"text-align: center;\"><em>\u00a0Duquesa de San Pedro de Galatino y Marquesa de Benalau (2023)<\/em><\/p>\n<p style=\"text-align: center;\"><span style=\"font-family: 'book antiqua', palatino, serif; font-size: 18pt; color: #800000;\"><strong> \u00a0ANTIGUAS DAMAS<\/strong><\/span><\/p>\n<p style=\"text-align: center;\"><strong><span style=\"color: #000000;\">Excma. Sra. D\u00f1a. Mar\u00eda Victoria Montero\u00a0R\u00edos. <\/span><\/strong><\/p>\n<p style=\"text-align: center;\"><span style=\"font-family: 'book antiqua', palatino, serif;\"><em><span style=\"color: #000000;\">Marquesa de Alhucemas. Presidenta de la Junta de Damas Cruz y Lazo de Ntra. Sra. de la Soledad \u00a0(1920)<\/span><\/em><\/span><\/p>\n<p><img loading=\"lazy\" decoding=\"async\" class=\"size-medium wp-image-593 aligncenter\" src=\"http:\/\/soledadydesamparo.es\/wp-content\/uploads\/2015\/09\/MG_8603-200x300.jpg\" alt=\"\" width=\"200\" height=\"300\" srcset=\"https:\/\/soledadydesamparo.es\/wp-content\/uploads\/2015\/09\/MG_8603-200x300.jpg 200w, https:\/\/soledadydesamparo.es\/wp-content\/uploads\/2015\/09\/MG_8603-683x1024.jpg 683w, https:\/\/soledadydesamparo.es\/wp-content\/uploads\/2015\/09\/MG_8603-768x1152.jpg 768w, https:\/\/soledadydesamparo.es\/wp-content\/uploads\/2015\/09\/MG_8603-1024x1536.jpg 1024w, https:\/\/soledadydesamparo.es\/wp-content\/uploads\/2015\/09\/MG_8603-1365x2048.jpg 1365w, https:\/\/soledadydesamparo.es\/wp-content\/uploads\/2015\/09\/MG_8603-scaled.jpg 1707w\" sizes=\"auto, (max-width: 200px) 100vw, 200px\" \/><\/p>\n<p style=\"text-align: center;\"><span style=\"color: #000000; font-family: 'book antiqua', palatino, serif;\"><strong>Ilma. \u00a0Sra. D\u00f1a. Marjorie Linten Ramael \u00a0<\/strong><\/span><\/p>\n<p style=\"text-align: center;\"><span style=\"color: #000000; font-family: 'book antiqua', palatino, serif;\"><em>Co-presidenta de la Junta de Damas de Ntra. Sra. de la Soledad , Cruz y Lazo de Ntra. Sra. de la Soledad (2004)<\/em><\/span><\/p>\n<p style=\"text-align: center;\"><span style=\"font-family: 'book antiqua', palatino, serif;\"><strong><span style=\"color: #000000;\">Ilma. \u00a0Sra. D\u00f1a. Teresa Tejerina\u00a0G\u00f3mez\u00a0<\/span><\/strong><\/span><\/p>\n<p style=\"text-align: center;\"><span style=\"font-family: 'book antiqua', palatino, serif;\"><em><span style=\"color: #000000;\">Co-presidenta de la Junta de Damas de Ntra. Sra. de la Soledad, Cruz y Lazo de Ntra. Sra. de la Soledad (2004)<\/span><\/em><\/span><strong><span style=\"color: #000000;\"><em>\u00a0<\/em> \u00a0\u00a0<\/span><\/strong><\/p>\n","protected":false},"excerpt":{"rendered":"<p>\u00a0JUNTA DE DAMAS\u00a0 Presidenta de la Junta de Damas D\u00f1a. Pilar Gim\u00e9nez (Honor\u00edfica) D\u00f1a. Olga<\/p>\n","protected":false},"author":1,"featured_media":0,"comment_status":"closed","ping_status":"closed","sticky":false,"template":"","format":"video","meta":{"footnotes":""},"categories":[26],"tags":[],"class_list":["post-1016","post","type-post","status-publish","format-video","hentry","category-damas-de-la-soledad","post_format-post-format-video"],"_links":{"self":[{"href":"https:\/\/soledadydesamparo.es\/index.php\/wp-json\/wp\/v2\/posts\/1016","targetHints":{"allow":["GET"]}}],"collection":[{"href":"https:\/\/soledadydesamparo.es\/index.php\/wp-json\/wp\/v2\/posts"}],"about":[{"href":"https:\/\/soledadydesamparo.es\/index.php\/wp-json\/wp\/v2\/types\/post"}],"author":[{"embeddable":true,"href":"https:\/\/soledadydesamparo.es\/index.php\/wp-json\/wp\/v2\/users\/1"}],"replies":[{"embeddable":true,"href":"https:\/\/soledadydesamparo.es\/index.php\/wp-json\/wp\/v2\/comments?post=1016"}],"version-history":[{"count":2,"href":"https:\/\/soledadydesamparo.es\/index.php\/wp-json\/wp\/v2\/posts\/1016\/revisions"}],"predecessor-version":[{"id":3224,"href":"https:\/\/soledadydesamparo.es\/index.php\/wp-json\/wp\/v2\/posts\/1016\/revisions\/3224"}],"wp:attachment":[{"href":"https:\/\/soledadydesamparo.es\/index.php\/wp-json\/wp\/v2\/media?parent=1016"}],"wp:term":[{"taxonomy":"category","embeddable":true,"href":"https:\/\/soledadydesamparo.es\/index.php\/wp-json\/wp\/v2\/categories?post=1016"},{"taxonomy":"post_tag","embeddable":true,"href":"https:\/\/soledadydesamparo.es\/index.php\/wp-json\/wp\/v2\/tags?post=1016"}],"curies":[{"name":"wp","href":"https:\/\/api.w.org\/{rel}","templated":true}]}}